{"id":5538,"date":"2020-04-11T16:28:36","date_gmt":"2020-04-11T20:28:36","guid":{"rendered":"https:\/\/www.mtlenarts.com\/?p=5538"},"modified":"2021-06-29T16:19:38","modified_gmt":"2021-06-29T20:19:38","slug":"cancellation-of-the-mtl-en-arts-festival","status":"publish","type":"post","link":"https:\/\/www.mtlenarts.com\/en\/cancellation-of-the-mtl-en-arts-festival\/","title":{"rendered":"CANCELLATION OF THE MTL EN ARTS FESTIVAL"},"content":{"rendered":"<div data-elementor-type=\"wp-post\" data-elementor-id=\"5538\" class=\"elementor elementor-5538\" data-elementor-post-type=\"post\">\n\t\t\t\t\t\t<section class=\"has_ae_slider elementor-section elementor-top-section elementor-element elementor-element-8bd868d elementor-section-boxed elementor-section-height-default elementor-section-height-default ae-bg-gallery-type-default\" data-id=\"8bd868d\" data-element_type=\"section\" data-e-type=\"section\">\n\t\t\t\t\t\t<div class=\"elementor-container elementor-column-gap-default\">\n\t\t\t\t\t<div class=\"has_ae_slider elementor-column elementor-col-100 elementor-top-column elementor-element elementor-element-8b3de5a ae-bg-gallery-type-default\" data-id=\"8b3de5a\" data-element_type=\"column\" data-e-type=\"column\">\n\t\t\t<div class=\"elementor-widget-wrap elementor-element-populated\">\n\t\t\t\t\t\t\t<\/div>\n\t\t<\/div>\n\t\t\t\t\t<\/div>\n\t\t<\/section>\n\t\t\t\t<section class=\"has_ae_slider elementor-section elementor-top-section elementor-element elementor-element-9650450 elementor-section-boxed elementor-section-height-default elementor-section-height-default ae-bg-gallery-type-default\" data-id=\"9650450\" data-element_type=\"section\" data-e-type=\"section\">\n\t\t\t\t\t\t<div class=\"elementor-container elementor-column-gap-default\">\n\t\t\t\t\t<div class=\"has_ae_slider elementor-column elementor-col-100 elementor-top-column elementor-element elementor-element-0a44538 ae-bg-gallery-type-default\" data-id=\"0a44538\" data-element_type=\"column\" data-e-type=\"column\">\n\t\t\t<div class=\"elementor-widget-wrap elementor-element-populated\">\n\t\t\t\t\t\t<div class=\"elementor-element elementor-element-df6602a elementor-widget elementor-widget-spacer\" data-id=\"df6602a\" data-element_type=\"widget\" data-e-type=\"widget\" data-widget_type=\"spacer.default\">\n\t\t\t\t<div class=\"elementor-widget-container\">\n\t\t\t\t\t\t\t<div class=\"elementor-spacer\">\n\t\t\t<div class=\"elementor-spacer-inner\"><\/div>\n\t\t<\/div>\n\t\t\t\t\t\t<\/div>\n\t\t\t\t<\/div>\n\t\t\t\t\t<\/div>\n\t\t<\/div>\n\t\t\t\t\t<\/div>\n\t\t<\/section>\n\t\t\t\t<section class=\"has_ae_slider elementor-section elementor-top-section elementor-element elementor-element-860bd1c elementor-section-boxed elementor-section-height-default elementor-section-height-default ae-bg-gallery-type-default\" data-id=\"860bd1c\" data-element_type=\"section\" data-e-type=\"section\">\n\t\t\t\t\t\t<div class=\"elementor-container elementor-column-gap-default\">\n\t\t\t\t\t<div class=\"has_ae_slider elementor-column elementor-col-100 elementor-top-column elementor-element elementor-element-8c4037b ae-bg-gallery-type-default\" data-id=\"8c4037b\" data-element_type=\"column\" data-e-type=\"column\">\n\t\t\t<div class=\"elementor-widget-wrap elementor-element-populated\">\n\t\t\t\t\t\t<div class=\"elementor-element elementor-element-f473a88 elementor-widget elementor-widget-heading\" data-id=\"f473a88\" data-element_type=\"widget\" data-e-type=\"widget\" data-widget_type=\"heading.default\">\n\t\t\t\t<div class=\"elementor-widget-container\">\n\t\t\t\t\t<h2 class=\"elementor-heading-title elementor-size-default\">COMMUNIQU\u00c9S DE PRESSE<\/h2>\t\t\t\t<\/div>\n\t\t\t\t<\/div>\n\t\t\t\t<div class=\"elementor-element elementor-element-80a2a6f elementor-widget elementor-widget-spacer\" data-id=\"80a2a6f\" data-element_type=\"widget\" data-e-type=\"widget\" data-widget_type=\"spacer.default\">\n\t\t\t\t<div class=\"elementor-widget-container\">\n\t\t\t\t\t\t\t<div class=\"elementor-spacer\">\n\t\t\t<div class=\"elementor-spacer-inner\"><\/div>\n\t\t<\/div>\n\t\t\t\t\t\t<\/div>\n\t\t\t\t<\/div>\n\t\t\t\t\t<\/div>\n\t\t<\/div>\n\t\t\t\t\t<\/div>\n\t\t<\/section>\n\t\t\t\t<section class=\"has_ae_slider elementor-section elementor-top-section elementor-element elementor-element-29fdfde elementor-section-boxed elementor-section-height-default elementor-section-height-default ae-bg-gallery-type-default\" data-id=\"29fdfde\" data-element_type=\"section\" data-e-type=\"section\">\n\t\t\t\t\t\t<div class=\"elementor-container elementor-column-gap-default\">\n\t\t\t\t\t<div class=\"has_ae_slider elementor-column elementor-col-100 elementor-top-column elementor-element elementor-element-f6d1bb0 ae-bg-gallery-type-default\" data-id=\"f6d1bb0\" data-element_type=\"column\" data-e-type=\"column\">\n\t\t\t<div class=\"elementor-widget-wrap elementor-element-populated\">\n\t\t\t\t\t\t\t<\/div>\n\t\t<\/div>\n\t\t\t\t\t<\/div>\n\t\t<\/section>\n\t\t\t\t<section class=\"has_ae_slider elementor-section elementor-top-section elementor-element elementor-element-0a9457a elementor-section-boxed elementor-section-height-default elementor-section-height-default ae-bg-gallery-type-default\" data-id=\"0a9457a\" data-element_type=\"section\" data-e-type=\"section\">\n\t\t\t\t\t\t<div class=\"elementor-container elementor-column-gap-default\">\n\t\t\t\t\t<div class=\"has_ae_slider elementor-column elementor-col-100 elementor-top-column elementor-element elementor-element-2d10cd6 ae-bg-gallery-type-default\" data-id=\"2d10cd6\" data-element_type=\"column\" data-e-type=\"column\">\n\t\t\t<div class=\"elementor-widget-wrap elementor-element-populated\">\n\t\t\t\t\t\t<div class=\"elementor-element elementor-element-c319da3 elementor-widget elementor-widget-text-editor\" data-id=\"c319da3\" data-element_type=\"widget\" data-e-type=\"widget\" data-widget_type=\"text-editor.default\">\n\t\t\t\t<div class=\"elementor-widget-container\">\n\t\t\t\t\t\t\t\t\t<p><strong>Montr\u00e9al, 11 avril 2020 <\/strong>&#8211; Nous vivons aujourd\u2019hui une situation exceptionnelle, qui a un fort impact sur le milieu des arts et de la culture. Au regard de l&rsquo;\u00e9volution de la pand\u00e9mie d\u00fbe \u00e0 la Covid-19, la ville de Montr\u00e9al a annonc\u00e9 le 10 avril dernier l&rsquo;annulation de la tenue des festivals jusqu\u2019au 31 ao\u00fbt inclusivement. En accord avec les mesures prises par la Sant\u00e9 Publique et la Ville de Montr\u00e9al, nous sommes donc au regret de vous annoncer l\u2019annulation de la 21<sup>e<\/sup> \u00e9dition du Festival Mtl en Arts.<\/p><p>\u00a0<\/p><p>Plusieurs sc\u00e9narios ont \u00e9t\u00e9 envisag\u00e9s pour un report de l\u2019\u00e9v\u00e9nement \u00e0 une date ult\u00e9rieure, mais l\u2019incertitude sanitaire et le contexte \u00e9conomique nous obligent \u00e0 annuler nos activit\u00e9s pour l\u2019instant. Il est donc plus sage que le festival prenne une pause pour 2020 afin de mieux rebondir en 2021.<\/p><p>\u00a0<\/p><p>La cr\u00e9ativit\u00e9 est plus importante que jamais en ces temps d\u2019isolement. Elle nous permet de nous \u00e9vader, de nous ressourcer et d\u2019exprimer les \u00e9motions auxquelles nous faisons face en ce moment. Nous vous encourageons \u00e0 commencer une activit\u00e9, peu importe laquelle, en famille ou bien seul. N\u2019h\u00e9sitez pas \u00e0 aller voir le travail des artistes de Mtl en Arts pour vous \u00e9vader et vous donner du baume au c\u0153ur!<\/p><p>\u00a0<\/p><p>D&rsquo;ici l\u00e0, prenez soin de vous ! Continuons de respecter les recommandations de nos gouvernements afin que l&rsquo;on retourne le plus vite possible \u00e0 la vie normale. \u00c7a va bien aller.<\/p><p>\u00a0<\/p><p>\u00c0 tr\u00e8s bient\u00f4t.<\/p><p>\u00a0<\/p><p>L&rsquo;\u00e9quipe du festival<\/p>\t\t\t\t\t\t\t\t<\/div>\n\t\t\t\t<\/div>\n\t\t\t\t<div class=\"elementor-element elementor-element-92c9504 elementor-widget elementor-widget-text-editor\" data-id=\"92c9504\" data-element_type=\"widget\" data-e-type=\"widget\" data-widget_type=\"text-editor.default\">\n\t\t\t\t<div class=\"elementor-widget-container\">\n\t\t\t\t\t\t\t\t\t<p>&#8211; 30 &#8211;<\/p>\t\t\t\t\t\t\t\t<\/div>\n\t\t\t\t<\/div>\n\t\t\t\t\t<\/div>\n\t\t<\/div>\n\t\t\t\t\t<\/div>\n\t\t<\/section>\n\t\t\t\t<section class=\"has_ae_slider elementor-section elementor-top-section elementor-element elementor-element-bec5571 elementor-section-boxed elementor-section-height-default elementor-section-height-default ae-bg-gallery-type-default\" data-id=\"bec5571\" data-element_type=\"section\" data-e-type=\"section\">\n\t\t\t\t\t\t<div class=\"elementor-container elementor-column-gap-default\">\n\t\t\t\t\t<div class=\"has_ae_slider elementor-column elementor-col-100 elementor-top-column elementor-element elementor-element-e5ead8f ae-bg-gallery-type-default\" data-id=\"e5ead8f\" data-element_type=\"column\" data-e-type=\"column\">\n\t\t\t<div class=\"elementor-widget-wrap elementor-element-populated\">\n\t\t\t\t\t\t<section class=\"has_ae_slider elementor-section elementor-inner-section elementor-element elementor-element-ae1636f elementor-section-content-middle elementor-section-boxed elementor-section-height-default elementor-section-height-default ae-bg-gallery-type-default\" data-id=\"ae1636f\" data-element_type=\"section\" data-e-type=\"section\">\n\t\t\t\t\t\t<div class=\"elementor-container elementor-column-gap-default\">\n\t\t\t\t\t<div class=\"has_ae_slider elementor-column elementor-col-100 elementor-inner-column elementor-element elementor-element-203571c ae-bg-gallery-type-default\" data-id=\"203571c\" data-element_type=\"column\" data-e-type=\"column\">\n\t\t\t<div class=\"elementor-widget-wrap elementor-element-populated\">\n\t\t\t\t\t\t<div class=\"elementor-element elementor-element-f3fc2f1 elementor-widget elementor-widget-heading\" data-id=\"f3fc2f1\" data-element_type=\"widget\" data-e-type=\"widget\" data-widget_type=\"heading.default\">\n\t\t\t\t<div class=\"elementor-widget-container\">\n\t\t\t\t\t<h4 class=\"elementor-heading-title elementor-size-default\">RELATIONS DE PRESSE<\/h4>\t\t\t\t<\/div>\n\t\t\t\t<\/div>\n\t\t\t\t<div class=\"elementor-element elementor-element-aa042a5 elementor-widget elementor-widget-heading\" data-id=\"aa042a5\" data-element_type=\"widget\" data-e-type=\"widget\" data-widget_type=\"heading.default\">\n\t\t\t\t<div class=\"elementor-widget-container\">\n\t\t\t\t\t<h2 class=\"elementor-heading-title elementor-size-default\">LES COMM\u00c8RES<\/h2>\t\t\t\t<\/div>\n\t\t\t\t<\/div>\n\t\t\t\t\t<\/div>\n\t\t<\/div>\n\t\t\t\t\t<\/div>\n\t\t<\/section>\n\t\t\t\t\t<\/div>\n\t\t<\/div>\n\t\t\t\t\t<\/div>\n\t\t<\/section>\n\t\t\t\t<section class=\"has_ae_slider elementor-section elementor-top-section elementor-element elementor-element-8c8d8b1 elementor-section-boxed elementor-section-height-default elementor-section-height-default ae-bg-gallery-type-default\" data-id=\"8c8d8b1\" data-element_type=\"section\" data-e-type=\"section\">\n\t\t\t\t\t\t<div class=\"elementor-container elementor-column-gap-default\">\n\t\t\t\t\t<div class=\"has_ae_slider elementor-column elementor-col-33 elementor-top-column elementor-element elementor-element-0dc133e ae-bg-gallery-type-default\" data-id=\"0dc133e\" data-element_type=\"column\" data-e-type=\"column\">\n\t\t\t<div class=\"elementor-widget-wrap elementor-element-populated\">\n\t\t\t\t\t\t<div class=\"elementor-element elementor-element-46c7b95 elementor-widget elementor-widget-heading\" data-id=\"46c7b95\" data-element_type=\"widget\" data-e-type=\"widget\" data-widget_type=\"heading.default\">\n\t\t\t\t<div class=\"elementor-widget-container\">\n\t\t\t\t\t<h2 class=\"elementor-heading-title elementor-size-default\">VANESSA BOUDREAU<\/h2>\t\t\t\t<\/div>\n\t\t\t\t<\/div>\n\t\t\t\t<div class=\"elementor-element elementor-element-0ab2801 e-grid-align-left elementor-shape-rounded elementor-grid-0 elementor-widget elementor-widget-social-icons\" data-id=\"0ab2801\" data-element_type=\"widget\" data-e-type=\"widget\" data-widget_type=\"social-icons.default\">\n\t\t\t\t<div class=\"elementor-widget-container\">\n\t\t\t\t\t\t\t<div class=\"elementor-social-icons-wrapper elementor-grid\">\n\t\t\t\t\t\t\t<span class=\"elementor-grid-item\">\n\t\t\t\t\t<a class=\"elementor-icon elementor-social-icon elementor-social-icon-envelope elementor-animation-grow elementor-repeater-item-85cff9c\" href=\"mailto:vanessa@commeres.ca\" target=\"_blank\">\n\t\t\t\t\t\t<span class=\"elementor-screen-only\">Envelope<\/span>\n\t\t\t\t\t\t<i aria-hidden=\"true\" class=\"fas fa-envelope\"><\/i>\t\t\t\t\t<\/a>\n\t\t\t\t<\/span>\n\t\t\t\t\t<\/div>\n\t\t\t\t\t\t<\/div>\n\t\t\t\t<\/div>\n\t\t\t\t<div class=\"elementor-element elementor-element-38a7090 elementor-widget elementor-widget-text-editor\" data-id=\"38a7090\" data-element_type=\"widget\" data-e-type=\"widget\" data-widget_type=\"text-editor.default\">\n\t\t\t\t<div class=\"elementor-widget-container\">\n\t\t\t\t\t\t\t\t\t<p>(514) 953-2619<\/p>\t\t\t\t\t\t\t\t<\/div>\n\t\t\t\t<\/div>\n\t\t\t\t\t<\/div>\n\t\t<\/div>\n\t\t\t\t<div class=\"has_ae_slider elementor-column elementor-col-33 elementor-top-column elementor-element elementor-element-fdb0632 ae-bg-gallery-type-default\" data-id=\"fdb0632\" data-element_type=\"column\" data-e-type=\"column\">\n\t\t\t<div class=\"elementor-widget-wrap elementor-element-populated\">\n\t\t\t\t\t\t<div class=\"elementor-element elementor-element-566e52b elementor-widget elementor-widget-heading\" data-id=\"566e52b\" data-element_type=\"widget\" data-e-type=\"widget\" data-widget_type=\"heading.default\">\n\t\t\t\t<div class=\"elementor-widget-container\">\n\t\t\t\t\t<h2 class=\"elementor-heading-title elementor-size-default\">Caroline Champoux<\/h2>\t\t\t\t<\/div>\n\t\t\t\t<\/div>\n\t\t\t\t<div class=\"elementor-element elementor-element-d0b97e0 e-grid-align-left elementor-shape-rounded elementor-grid-0 elementor-widget elementor-widget-social-icons\" data-id=\"d0b97e0\" data-element_type=\"widget\" data-e-type=\"widget\" data-widget_type=\"social-icons.default\">\n\t\t\t\t<div class=\"elementor-widget-container\">\n\t\t\t\t\t\t\t<div class=\"elementor-social-icons-wrapper elementor-grid\">\n\t\t\t\t\t\t\t<span class=\"elementor-grid-item\">\n\t\t\t\t\t<a class=\"elementor-icon elementor-social-icon elementor-social-icon-envelope elementor-animation-grow elementor-repeater-item-85cff9c\" href=\"mailto:caroline@commeres.ca\" target=\"_blank\">\n\t\t\t\t\t\t<span class=\"elementor-screen-only\">Envelope<\/span>\n\t\t\t\t\t\t<i aria-hidden=\"true\" class=\"fas fa-envelope\"><\/i>\t\t\t\t\t<\/a>\n\t\t\t\t<\/span>\n\t\t\t\t\t<\/div>\n\t\t\t\t\t\t<\/div>\n\t\t\t\t<\/div>\n\t\t\t\t<div class=\"elementor-element elementor-element-5d726f1 elementor-widget elementor-widget-text-editor\" data-id=\"5d726f1\" data-element_type=\"widget\" data-e-type=\"widget\" data-widget_type=\"text-editor.default\">\n\t\t\t\t<div class=\"elementor-widget-container\">\n\t\t\t\t\t\t\t\t\t<p>(514) 567-2047<\/p>\t\t\t\t\t\t\t\t<\/div>\n\t\t\t\t<\/div>\n\t\t\t\t\t<\/div>\n\t\t<\/div>\n\t\t\t\t<div class=\"has_ae_slider elementor-column elementor-col-33 elementor-top-column elementor-element elementor-element-7fc019e ae-bg-gallery-type-default\" data-id=\"7fc019e\" data-element_type=\"column\" data-e-type=\"column\">\n\t\t\t<div class=\"elementor-widget-wrap elementor-element-populated\">\n\t\t\t\t\t\t<div class=\"elementor-element elementor-element-7c65221 elementor-align-center elementor-widget elementor-widget-button\" data-id=\"7c65221\" data-element_type=\"widget\" data-e-type=\"widget\" data-widget_type=\"button.default\">\n\t\t\t\t<div class=\"elementor-widget-container\">\n\t\t\t\t\t\t\t\t\t<div class=\"elementor-button-wrapper\">\n\t\t\t\t\t<a class=\"elementor-button elementor-button-link elementor-size-sm\" href=\"https:\/\/app.box.com\/s\/jcvu5wso6bfvbgny2d6hq60uj93qi8sk\">\n\t\t\t\t\t\t<span class=\"elementor-button-content-wrapper\">\n\t\t\t\t\t\t\t\t\t<span class=\"elementor-button-text\">DOSSIER PHOTOS<\/span>\n\t\t\t\t\t<\/span>\n\t\t\t\t\t<\/a>\n\t\t\t\t<\/div>\n\t\t\t\t\t\t\t\t<\/div>\n\t\t\t\t<\/div>\n\t\t\t\t\t<\/div>\n\t\t<\/div>\n\t\t\t\t\t<\/div>\n\t\t<\/section>\n\t\t\t\t<section class=\"has_ae_slider elementor-section elementor-top-section elementor-element elementor-element-9f9580f elementor-section-boxed elementor-section-height-default elementor-section-height-default ae-bg-gallery-type-default\" data-id=\"9f9580f\" data-element_type=\"section\" data-e-type=\"section\">\n\t\t\t\t\t\t<div class=\"elementor-container elementor-column-gap-default\">\n\t\t\t\t\t<div class=\"has_ae_slider elementor-column elementor-col-100 elementor-top-column elementor-element elementor-element-f6339a5 ae-bg-gallery-type-default\" data-id=\"f6339a5\" data-element_type=\"column\" data-e-type=\"column\">\n\t\t\t<div class=\"elementor-widget-wrap\">\n\t\t\t\t\t\t\t<\/div>\n\t\t<\/div>\n\t\t\t\t\t<\/div>\n\t\t<\/section>\n\t\t\t\t<\/div>","protected":false},"excerpt":{"rendered":"","protected":false},"author":1,"featured_media":0,"comment_status":"closed","ping_status":"open","sticky":false,"template":"","format":"standard","meta":{"_jetpack_memberships_contains_paid_content":false,"footnotes":""},"categories":[],"tags":[],"class_list":["post-5538","post","type-post","status-publish","format-standard","hentry"],"yoast_head":"<!-- This site is optimized with the Yoast SEO plugin v27.5 - https:\/\/yoast.com\/product\/yoast-seo-wordpress\/ -->\n<title>CANCELLATION OF THE MTL EN ARTS FESTIVAL - Festival Mtl en Arts<\/title>\n<meta name=\"robots\" content=\"index, follow, max-snippet:-1, max-image-preview:large, max-video-preview:-1\" \/>\n<link rel=\"canonical\" href=\"https:\/\/www.mtlenarts.com\/en\/cancellation-of-the-mtl-en-arts-festival\/\" \/>\n<meta property=\"og:locale\" content=\"en_US\" \/>\n<meta property=\"og:type\" content=\"article\" \/>\n<meta property=\"og:title\" content=\"CANCELLATION OF THE MTL EN ARTS FESTIVAL - Festival Mtl en Arts\" \/>\n<meta property=\"og:url\" content=\"https:\/\/www.mtlenarts.com\/en\/cancellation-of-the-mtl-en-arts-festival\/\" \/>\n<meta property=\"og:site_name\" content=\"Festival Mtl en Arts\" \/>\n<meta property=\"article:published_time\" content=\"2020-04-11T20:28:36+00:00\" \/>\n<meta property=\"article:modified_time\" content=\"2021-06-29T20:19:38+00:00\" \/>\n<meta name=\"author\" content=\"admin\" \/>\n<meta name=\"twitter:card\" content=\"summary_large_image\" \/>\n<meta name=\"twitter:label1\" content=\"Written by\" \/>\n\t<meta name=\"twitter:data1\" content=\"admin\" \/>\n<script type=\"application\/ld+json\" class=\"yoast-schema-graph\">{\"@context\":\"https:\\\/\\\/schema.org\",\"@graph\":[{\"@type\":\"Article\",\"@id\":\"https:\\\/\\\/www.mtlenarts.com\\\/en\\\/cancellation-of-the-mtl-en-arts-festival\\\/#article\",\"isPartOf\":{\"@id\":\"https:\\\/\\\/www.mtlenarts.com\\\/en\\\/cancellation-of-the-mtl-en-arts-festival\\\/\"},\"author\":{\"name\":\"admin\",\"@id\":\"https:\\\/\\\/www.mtlenarts.com\\\/en\\\/#\\\/schema\\\/person\\\/98271712691261b101215604b1436e14\"},\"headline\":\"CANCELLATION OF THE MTL EN ARTS FESTIVAL\",\"datePublished\":\"2020-04-11T20:28:36+00:00\",\"dateModified\":\"2021-06-29T20:19:38+00:00\",\"mainEntityOfPage\":{\"@id\":\"https:\\\/\\\/www.mtlenarts.com\\\/en\\\/cancellation-of-the-mtl-en-arts-festival\\\/\"},\"wordCount\":7,\"publisher\":{\"@id\":\"https:\\\/\\\/www.mtlenarts.com\\\/en\\\/#organization\"},\"inLanguage\":\"en-US\"},{\"@type\":\"WebPage\",\"@id\":\"https:\\\/\\\/www.mtlenarts.com\\\/en\\\/cancellation-of-the-mtl-en-arts-festival\\\/\",\"url\":\"https:\\\/\\\/www.mtlenarts.com\\\/en\\\/cancellation-of-the-mtl-en-arts-festival\\\/\",\"name\":\"CANCELLATION OF THE MTL EN ARTS FESTIVAL - Festival Mtl en Arts\",\"isPartOf\":{\"@id\":\"https:\\\/\\\/www.mtlenarts.com\\\/en\\\/#website\"},\"datePublished\":\"2020-04-11T20:28:36+00:00\",\"dateModified\":\"2021-06-29T20:19:38+00:00\",\"breadcrumb\":{\"@id\":\"https:\\\/\\\/www.mtlenarts.com\\\/en\\\/cancellation-of-the-mtl-en-arts-festival\\\/#breadcrumb\"},\"inLanguage\":\"en-US\",\"potentialAction\":[{\"@type\":\"ReadAction\",\"target\":[\"https:\\\/\\\/www.mtlenarts.com\\\/en\\\/cancellation-of-the-mtl-en-arts-festival\\\/\"]}]},{\"@type\":\"BreadcrumbList\",\"@id\":\"https:\\\/\\\/www.mtlenarts.com\\\/en\\\/cancellation-of-the-mtl-en-arts-festival\\\/#breadcrumb\",\"itemListElement\":[{\"@type\":\"ListItem\",\"position\":1,\"name\":\"Accueil\",\"item\":\"https:\\\/\\\/www.mtlenarts.com\\\/en\\\/\"},{\"@type\":\"ListItem\",\"position\":2,\"name\":\"CANCELLATION OF THE MTL EN ARTS FESTIVAL\"}]},{\"@type\":\"WebSite\",\"@id\":\"https:\\\/\\\/www.mtlenarts.com\\\/en\\\/#website\",\"url\":\"https:\\\/\\\/www.mtlenarts.com\\\/en\\\/\",\"name\":\"Festival Mtl en Arts\",\"description\":\"du 20 juillet au 13 septembre 2020\",\"publisher\":{\"@id\":\"https:\\\/\\\/www.mtlenarts.com\\\/en\\\/#organization\"},\"potentialAction\":[{\"@type\":\"SearchAction\",\"target\":{\"@type\":\"EntryPoint\",\"urlTemplate\":\"https:\\\/\\\/www.mtlenarts.com\\\/en\\\/?s={search_term_string}\"},\"query-input\":{\"@type\":\"PropertyValueSpecification\",\"valueRequired\":true,\"valueName\":\"search_term_string\"}}],\"inLanguage\":\"en-US\"},{\"@type\":\"Organization\",\"@id\":\"https:\\\/\\\/www.mtlenarts.com\\\/en\\\/#organization\",\"name\":\"Festival Mtl en Arts\",\"url\":\"https:\\\/\\\/www.mtlenarts.com\\\/en\\\/\",\"logo\":{\"@type\":\"ImageObject\",\"inLanguage\":\"en-US\",\"@id\":\"https:\\\/\\\/www.mtlenarts.com\\\/en\\\/#\\\/schema\\\/logo\\\/image\\\/\",\"url\":\"https:\\\/\\\/www.mtlenarts.com\\\/wp-content\\\/uploads\\\/2020\\\/07\\\/cropped-Logo-mtl-en-arts-version-2.0.fw_-1.png\",\"contentUrl\":\"https:\\\/\\\/www.mtlenarts.com\\\/wp-content\\\/uploads\\\/2020\\\/07\\\/cropped-Logo-mtl-en-arts-version-2.0.fw_-1.png\",\"width\":1398,\"height\":1400,\"caption\":\"Festival Mtl en Arts\"},\"image\":{\"@id\":\"https:\\\/\\\/www.mtlenarts.com\\\/en\\\/#\\\/schema\\\/logo\\\/image\\\/\"}},{\"@type\":\"Person\",\"@id\":\"https:\\\/\\\/www.mtlenarts.com\\\/en\\\/#\\\/schema\\\/person\\\/98271712691261b101215604b1436e14\",\"name\":\"admin\",\"image\":{\"@type\":\"ImageObject\",\"inLanguage\":\"en-US\",\"@id\":\"https:\\\/\\\/secure.gravatar.com\\\/avatar\\\/3e8834c8a6a33f9c45651215a9e4fa5b7afe12db6b2675de60d431496007404a?s=96&d=mm&r=g\",\"url\":\"https:\\\/\\\/secure.gravatar.com\\\/avatar\\\/3e8834c8a6a33f9c45651215a9e4fa5b7afe12db6b2675de60d431496007404a?s=96&d=mm&r=g\",\"contentUrl\":\"https:\\\/\\\/secure.gravatar.com\\\/avatar\\\/3e8834c8a6a33f9c45651215a9e4fa5b7afe12db6b2675de60d431496007404a?s=96&d=mm&r=g\",\"caption\":\"admin\"},\"url\":\"https:\\\/\\\/www.mtlenarts.com\\\/en\\\/author\\\/info_oi25a155\\\/\"}]}<\/script>\n<!-- \/ Yoast SEO plugin. -->","yoast_head_json":{"title":"CANCELLATION OF THE MTL EN ARTS FESTIVAL - Festival Mtl en Arts","robots":{"index":"index","follow":"follow","max-snippet":"max-snippet:-1","max-image-preview":"max-image-preview:large","max-video-preview":"max-video-preview:-1"},"canonical":"https:\/\/www.mtlenarts.com\/en\/cancellation-of-the-mtl-en-arts-festival\/","og_locale":"en_US","og_type":"article","og_title":"CANCELLATION OF THE MTL EN ARTS FESTIVAL - Festival Mtl en Arts","og_url":"https:\/\/www.mtlenarts.com\/en\/cancellation-of-the-mtl-en-arts-festival\/","og_site_name":"Festival Mtl en Arts","article_published_time":"2020-04-11T20:28:36+00:00","article_modified_time":"2021-06-29T20:19:38+00:00","author":"admin","twitter_card":"summary_large_image","twitter_misc":{"Written by":"admin"},"schema":{"@context":"https:\/\/schema.org","@graph":[{"@type":"Article","@id":"https:\/\/www.mtlenarts.com\/en\/cancellation-of-the-mtl-en-arts-festival\/#article","isPartOf":{"@id":"https:\/\/www.mtlenarts.com\/en\/cancellation-of-the-mtl-en-arts-festival\/"},"author":{"name":"admin","@id":"https:\/\/www.mtlenarts.com\/en\/#\/schema\/person\/98271712691261b101215604b1436e14"},"headline":"CANCELLATION OF THE MTL EN ARTS FESTIVAL","datePublished":"2020-04-11T20:28:36+00:00","dateModified":"2021-06-29T20:19:38+00:00","mainEntityOfPage":{"@id":"https:\/\/www.mtlenarts.com\/en\/cancellation-of-the-mtl-en-arts-festival\/"},"wordCount":7,"publisher":{"@id":"https:\/\/www.mtlenarts.com\/en\/#organization"},"inLanguage":"en-US"},{"@type":"WebPage","@id":"https:\/\/www.mtlenarts.com\/en\/cancellation-of-the-mtl-en-arts-festival\/","url":"https:\/\/www.mtlenarts.com\/en\/cancellation-of-the-mtl-en-arts-festival\/","name":"CANCELLATION OF THE MTL EN ARTS FESTIVAL - Festival Mtl en Arts","isPartOf":{"@id":"https:\/\/www.mtlenarts.com\/en\/#website"},"datePublished":"2020-04-11T20:28:36+00:00","dateModified":"2021-06-29T20:19:38+00:00","breadcrumb":{"@id":"https:\/\/www.mtlenarts.com\/en\/cancellation-of-the-mtl-en-arts-festival\/#breadcrumb"},"inLanguage":"en-US","potentialAction":[{"@type":"ReadAction","target":["https:\/\/www.mtlenarts.com\/en\/cancellation-of-the-mtl-en-arts-festival\/"]}]},{"@type":"BreadcrumbList","@id":"https:\/\/www.mtlenarts.com\/en\/cancellation-of-the-mtl-en-arts-festival\/#breadcrumb","itemListElement":[{"@type":"ListItem","position":1,"name":"Accueil","item":"https:\/\/www.mtlenarts.com\/en\/"},{"@type":"ListItem","position":2,"name":"CANCELLATION OF THE MTL EN ARTS FESTIVAL"}]},{"@type":"WebSite","@id":"https:\/\/www.mtlenarts.com\/en\/#website","url":"https:\/\/www.mtlenarts.com\/en\/","name":"Festival Mtl en Arts","description":"du 20 juillet au 13 septembre 2020","publisher":{"@id":"https:\/\/www.mtlenarts.com\/en\/#organization"},"potentialAction":[{"@type":"SearchAction","target":{"@type":"EntryPoint","urlTemplate":"https:\/\/www.mtlenarts.com\/en\/?s={search_term_string}"},"query-input":{"@type":"PropertyValueSpecification","valueRequired":true,"valueName":"search_term_string"}}],"inLanguage":"en-US"},{"@type":"Organization","@id":"https:\/\/www.mtlenarts.com\/en\/#organization","name":"Festival Mtl en Arts","url":"https:\/\/www.mtlenarts.com\/en\/","logo":{"@type":"ImageObject","inLanguage":"en-US","@id":"https:\/\/www.mtlenarts.com\/en\/#\/schema\/logo\/image\/","url":"https:\/\/www.mtlenarts.com\/wp-content\/uploads\/2020\/07\/cropped-Logo-mtl-en-arts-version-2.0.fw_-1.png","contentUrl":"https:\/\/www.mtlenarts.com\/wp-content\/uploads\/2020\/07\/cropped-Logo-mtl-en-arts-version-2.0.fw_-1.png","width":1398,"height":1400,"caption":"Festival Mtl en Arts"},"image":{"@id":"https:\/\/www.mtlenarts.com\/en\/#\/schema\/logo\/image\/"}},{"@type":"Person","@id":"https:\/\/www.mtlenarts.com\/en\/#\/schema\/person\/98271712691261b101215604b1436e14","name":"admin","image":{"@type":"ImageObject","inLanguage":"en-US","@id":"https:\/\/secure.gravatar.com\/avatar\/3e8834c8a6a33f9c45651215a9e4fa5b7afe12db6b2675de60d431496007404a?s=96&d=mm&r=g","url":"https:\/\/secure.gravatar.com\/avatar\/3e8834c8a6a33f9c45651215a9e4fa5b7afe12db6b2675de60d431496007404a?s=96&d=mm&r=g","contentUrl":"https:\/\/secure.gravatar.com\/avatar\/3e8834c8a6a33f9c45651215a9e4fa5b7afe12db6b2675de60d431496007404a?s=96&d=mm&r=g","caption":"admin"},"url":"https:\/\/www.mtlenarts.com\/en\/author\/info_oi25a155\/"}]}},"jetpack_featured_media_url":"","jetpack_sharing_enabled":true,"_links":{"self":[{"href":"https:\/\/www.mtlenarts.com\/en\/wp-json\/wp\/v2\/posts\/5538","targetHints":{"allow":["GET"]}}],"collection":[{"href":"https:\/\/www.mtlenarts.com\/en\/wp-json\/wp\/v2\/posts"}],"about":[{"href":"https:\/\/www.mtlenarts.com\/en\/wp-json\/wp\/v2\/types\/post"}],"author":[{"embeddable":true,"href":"https:\/\/www.mtlenarts.com\/en\/wp-json\/wp\/v2\/users\/1"}],"replies":[{"embeddable":true,"href":"https:\/\/www.mtlenarts.com\/en\/wp-json\/wp\/v2\/comments?post=5538"}],"version-history":[{"count":1,"href":"https:\/\/www.mtlenarts.com\/en\/wp-json\/wp\/v2\/posts\/5538\/revisions"}],"predecessor-version":[{"id":5539,"href":"https:\/\/www.mtlenarts.com\/en\/wp-json\/wp\/v2\/posts\/5538\/revisions\/5539"}],"wp:attachment":[{"href":"https:\/\/www.mtlenarts.com\/en\/wp-json\/wp\/v2\/media?parent=5538"}],"wp:term":[{"taxonomy":"category","embeddable":true,"href":"https:\/\/www.mtlenarts.com\/en\/wp-json\/wp\/v2\/categories?post=5538"},{"taxonomy":"post_tag","embeddable":true,"href":"https:\/\/www.mtlenarts.com\/en\/wp-json\/wp\/v2\/tags?post=5538"}],"curies":[{"name":"wp","href":"https:\/\/api.w.org\/{rel}","templated":true}]}}